
{"id":4239,"date":"2022-08-12T20:14:31","date_gmt":"2022-08-12T18:14:31","guid":{"rendered":"http:\/\/www.xn--mhlau-kva.org\/website\/?p=4239"},"modified":"2022-08-12T20:27:59","modified_gmt":"2022-08-12T18:27:59","slug":"schul-und-kindergarten-start","status":"publish","type":"post","link":"https:\/\/www.xn--mhlau-kva.org\/website\/2022\/08\/schul-und-kindergarten-start\/","title":{"rendered":"Schul- und  Kindergarten-Start"},"content":{"rendered":"\n<p>UNTERST\u00dcTZUNG F\u00dcR ELTERN IM STADTTEILTREFF M\u00fchlau<\/p>\n\n\n\n<p>die Wochen des Schulstartes stellen bekanntlich jedes Jahr gro\u00dfe Anforderungen an Eltern, Kinder und Familien. Organisatorisch und terminlich ist Vieles \u201eunter einen Hut zu bringen\u201c. Auch finanziell und b\u00fcrokratisch ist f\u00fcr Familien einiges zu erledigen. Mit dem Ziel, dass Familien diese speziellen Herausforderungen im Herbst gut meistern, bieten Sozialarbeiterinnen im Stadtteiltreff M\u00fchlau <strong>unkomplizierte, kostenlose Beratung und Unterst\u00fctzung f\u00fcr Eltern<\/strong>.<\/p>\n\n\n\n<p>Eltern\/Bezugspersonen steht an vier Terminen die T\u00fcren offen zum Erledigen von Antr\u00e4gen, Besprechen von Unterlagen, Ausf\u00fcllen von Formularen usw. Eine Voranmeldung ist nicht n\u00f6tig!<\/p>\n\n\n\n<p>Termine im Stadtteiltreff M\u00fchlau, Hauptplatz 2:<\/p>\n\n\n\n<ul><li>MO, 19. September, 15:30 bis 17.30 Uhr<ul><li>MO, 26. September, 15:30 bis 17.30 Uhr<\/li><\/ul><ul><li>MO, 3. Oktober, 15:30 bis 17.30 Uhr<\/li><\/ul><\/li><li>MO, 10. Oktober, 15:30 bis 17.30 Uhr<\/li><\/ul>\n\n\n\n<p>N\u00e4here Infos zu uns und dem Projekt inbus (gef\u00f6rdert von Land Tirol und EFS, Tr\u00e4ger: innovia), sowie weitere Termine finden Sie auf der Homepage:<\/p>\n\n\n\n<figure class=\"wp-block-embed-wordpress wp-block-embed is-type-wp-embed is-provider-inbus-tirol\"><div class=\"wp-block-embed__wrapper\">\n<div class='avia-iframe-wrap'><blockquote class=\"wp-embedded-content\" data-secret=\"BRY7UIlBwh\"><a href=\"https:\/\/inbus.tirol\/innsbruck\/\">Innsbruck<\/a><\/blockquote><iframe class=\"wp-embedded-content\" sandbox=\"allow-scripts\" security=\"restricted\" style=\"position: absolute; clip: rect(1px, 1px, 1px, 1px);\" title=\"&#8222;Innsbruck&#8220; &#8212; inbus Tirol\" src=\"https:\/\/inbus.tirol\/innsbruck\/embed\/#?secret=EtLhP5vUvi#?secret=BRY7UIlBwh\" data-secret=\"BRY7UIlBwh\" width=\"600\" height=\"338\" frameborder=\"0\" marginwidth=\"0\" marginheight=\"0\" scrolling=\"no\"><\/iframe><\/div>\n<\/div><\/figure>\n\n\n\n<ul><li>Fragen?<\/li><li>Rufen Sie gerne an, oder schreiben Sie uns:<\/li><li>Jasmin: 0676 \/ 843\u00a0843 14<\/li><li>Julia: \u00a0\u00a0\u00a0\u00a0\u00a0\u00a0 0676 \/ 843\u00a0843 13<\/li><\/ul>\n\n\n\n<figure class=\"wp-block-image size-large\"><img decoding=\"async\" loading=\"lazy\" width=\"620\" height=\"880\" src=\"http:\/\/www.xn--mhlau-kva.org\/website\/wp-content\/uploads\/2022\/08\/Schulstart-5.png\" alt=\"\" class=\"wp-image-4249\" srcset=\"https:\/\/www.xn--mhlau-kva.org\/website\/wp-content\/uploads\/2022\/08\/Schulstart-5.png 620w, https:\/\/www.xn--mhlau-kva.org\/website\/wp-content\/uploads\/2022\/08\/Schulstart-5-211x300.png 211w, https:\/\/www.xn--mhlau-kva.org\/website\/wp-content\/uploads\/2022\/08\/Schulstart-5-497x705.png 497w\" sizes=\"(max-width: 620px) 100vw, 620px\" \/><\/figure>\n\n\n\n<figure class=\"wp-block-image size-large\"><img decoding=\"async\" loading=\"lazy\" width=\"626\" height=\"852\" src=\"http:\/\/www.xn--mhlau-kva.org\/website\/wp-content\/uploads\/2022\/08\/Schulstart-6.png\" alt=\"\" class=\"wp-image-4251\" srcset=\"https:\/\/www.xn--mhlau-kva.org\/website\/wp-content\/uploads\/2022\/08\/Schulstart-6.png 626w, https:\/\/www.xn--mhlau-kva.org\/website\/wp-content\/uploads\/2022\/08\/Schulstart-6-220x300.png 220w, https:\/\/www.xn--mhlau-kva.org\/website\/wp-content\/uploads\/2022\/08\/Schulstart-6-518x705.png 518w\" sizes=\"(max-width: 626px) 100vw, 626px\" \/><\/figure>\n\n\n\n<figure class=\"wp-block-image size-large\"><img decoding=\"async\" loading=\"lazy\" width=\"375\" height=\"276\" src=\"http:\/\/www.xn--mhlau-kva.org\/website\/wp-content\/uploads\/2022\/08\/F\u00f6rdergeber_Logos5264.jpg\" alt=\"\" class=\"wp-image-4247\" srcset=\"https:\/\/www.xn--mhlau-kva.org\/website\/wp-content\/uploads\/2022\/08\/F\u00f6rdergeber_Logos5264.jpg 375w, https:\/\/www.xn--mhlau-kva.org\/website\/wp-content\/uploads\/2022\/08\/F\u00f6rdergeber_Logos5264-300x221.jpg 300w\" sizes=\"(max-width: 375px) 100vw, 375px\" \/><\/figure>\n","protected":false},"excerpt":{"rendered":"<p>UNTERST\u00dcTZUNG F\u00dcR ELTERN IM STADTTEILTREFF M\u00fchlau die Wochen des Schulstartes stellen bekanntlich jedes Jahr gro\u00dfe Anforderungen an Eltern, Kinder und Familien. Organisatorisch und terminlich ist Vieles \u201eunter einen Hut zu [&hellip;]<\/p>\n","protected":false},"author":3,"featured_media":0,"comment_status":"closed","ping_status":"closed","sticky":false,"template":"","format":"standard","meta":{"footnotes":""},"categories":[18,24],"tags":[],"amp_enabled":true,"_links":{"self":[{"href":"https:\/\/www.xn--mhlau-kva.org\/website\/wp-json\/wp\/v2\/posts\/4239"}],"collection":[{"href":"https:\/\/www.xn--mhlau-kva.org\/website\/wp-json\/wp\/v2\/posts"}],"about":[{"href":"https:\/\/www.xn--mhlau-kva.org\/website\/wp-json\/wp\/v2\/types\/post"}],"author":[{"embeddable":true,"href":"https:\/\/www.xn--mhlau-kva.org\/website\/wp-json\/wp\/v2\/users\/3"}],"replies":[{"embeddable":true,"href":"https:\/\/www.xn--mhlau-kva.org\/website\/wp-json\/wp\/v2\/comments?post=4239"}],"version-history":[{"count":4,"href":"https:\/\/www.xn--mhlau-kva.org\/website\/wp-json\/wp\/v2\/posts\/4239\/revisions"}],"predecessor-version":[{"id":4252,"href":"https:\/\/www.xn--mhlau-kva.org\/website\/wp-json\/wp\/v2\/posts\/4239\/revisions\/4252"}],"wp:attachment":[{"href":"https:\/\/www.xn--mhlau-kva.org\/website\/wp-json\/wp\/v2\/media?parent=4239"}],"wp:term":[{"taxonomy":"category","embeddable":true,"href":"https:\/\/www.xn--mhlau-kva.org\/website\/wp-json\/wp\/v2\/categories?post=4239"},{"taxonomy":"post_tag","embeddable":true,"href":"https:\/\/www.xn--mhlau-kva.org\/website\/wp-json\/wp\/v2\/tags?post=4239"}],"curies":[{"name":"wp","href":"https:\/\/api.w.org\/{rel}","templated":true}]}}